{"id":935,"date":"2024-03-03T11:41:16","date_gmt":"2024-03-03T11:41:16","guid":{"rendered":"https:\/\/jonkopingskammarkor.se\/?p=935"},"modified":"2024-03-03T11:42:28","modified_gmt":"2024-03-03T11:42:28","slug":"dark-fairytales","status":"publish","type":"post","link":"https:\/\/jonkopingskammarkor.se\/?p=935","title":{"rendered":"Dark Fairytales"},"content":{"rendered":"<p><img loading=\"lazy\" decoding=\"async\" class=\"alignnone size-full wp-image-936\" src=\"http:\/\/jonkopingskammarkor.se\/wp-content\/uploads\/2024\/03\/kt-dark-fairytales-1920x720-1.jpg\" alt=\"\" width=\"1920\" height=\"720\" srcset=\"https:\/\/jonkopingskammarkor.se\/wp-content\/uploads\/2024\/03\/kt-dark-fairytales-1920x720-1.jpg 1920w, https:\/\/jonkopingskammarkor.se\/wp-content\/uploads\/2024\/03\/kt-dark-fairytales-1920x720-1-300x113.jpg 300w, https:\/\/jonkopingskammarkor.se\/wp-content\/uploads\/2024\/03\/kt-dark-fairytales-1920x720-1-1024x384.jpg 1024w, https:\/\/jonkopingskammarkor.se\/wp-content\/uploads\/2024\/03\/kt-dark-fairytales-1920x720-1-768x288.jpg 768w, https:\/\/jonkopingskammarkor.se\/wp-content\/uploads\/2024\/03\/kt-dark-fairytales-1920x720-1-1536x576.jpg 1536w\" sizes=\"auto, (max-width: 1920px) 100vw, 1920px\" \/><\/p>\n<p><strong>Symfoniska sagor med J\u00f6nk\u00f6pings Sinfonietta och J\u00f6nk\u00f6pings Kammark\u00f6r<\/strong><br \/>\nSkogen med sina mosst\u00e4ckta stammar och slingrande stigar kan vara lika f\u00f6rf\u00f6risk som f\u00f6rr\u00e4disk. S\u00e5 \u00e4ven V\u00e4tterns v\u00e5gor. Denna torsdagskv\u00e4ll bjuder J\u00f6nk\u00f6pings Sinfonietta och J\u00f6nk\u00f6pings Kammark\u00f6r under ledning av Nathana\u00ebl Iselin p\u00e5 fantasieggande, symfoniska sagor signerade Engelbert Humperdinck och Jonas Valfridsson.<\/p>\n<p>Torsdag 21\/3 \u2013 Spira 18:00<\/p>\n<p><a href=\"https:\/\/kulturhusetspira.se\/dark-fairytales\/\">https:\/\/kulturhusetspira.se\/dark-fairytales\/<\/a><\/p>\n","protected":false},"excerpt":{"rendered":"<p>Symfoniska sagor med J\u00f6nk\u00f6pings Sinfonietta och J\u00f6nk\u00f6pings Kammark\u00f6r Skogen med sina mosst\u00e4ckta stammar och slingrande stigar kan vara lika f\u00f6rf\u00f6risk som f\u00f6rr\u00e4disk. S\u00e5 \u00e4ven V\u00e4tterns v\u00e5gor. Denna torsdagskv\u00e4ll bjuder J\u00f6nk\u00f6pings Sinfonietta och J\u00f6nk\u00f6pings Kammark\u00f6r under ledning av Nathana\u00ebl Iselin p\u00e5 fantasieggande, symfoniska sagor signerade Engelbert Humperdinck och Jonas Valfridsson. Torsdag 21\/3 \u2013 Spira 18:00 https:\/\/kulturhusetspira.se\/dark-fairytales\/<\/p>\n","protected":false},"author":1,"featured_media":0,"comment_status":"closed","ping_status":"open","sticky":false,"template":"","format":"standard","meta":{"footnotes":""},"categories":[1],"tags":[],"class_list":["post-935","post","type-post","status-publish","format-standard","hentry","category-uncategorized"],"_links":{"self":[{"href":"https:\/\/jonkopingskammarkor.se\/index.php?rest_route=\/wp\/v2\/posts\/935","targetHints":{"allow":["GET"]}}],"collection":[{"href":"https:\/\/jonkopingskammarkor.se\/index.php?rest_route=\/wp\/v2\/posts"}],"about":[{"href":"https:\/\/jonkopingskammarkor.se\/index.php?rest_route=\/wp\/v2\/types\/post"}],"author":[{"embeddable":true,"href":"https:\/\/jonkopingskammarkor.se\/index.php?rest_route=\/wp\/v2\/users\/1"}],"replies":[{"embeddable":true,"href":"https:\/\/jonkopingskammarkor.se\/index.php?rest_route=%2Fwp%2Fv2%2Fcomments&post=935"}],"version-history":[{"count":2,"href":"https:\/\/jonkopingskammarkor.se\/index.php?rest_route=\/wp\/v2\/posts\/935\/revisions"}],"predecessor-version":[{"id":939,"href":"https:\/\/jonkopingskammarkor.se\/index.php?rest_route=\/wp\/v2\/posts\/935\/revisions\/939"}],"wp:attachment":[{"href":"https:\/\/jonkopingskammarkor.se\/index.php?rest_route=%2Fwp%2Fv2%2Fmedia&parent=935"}],"wp:term":[{"taxonomy":"category","embeddable":true,"href":"https:\/\/jonkopingskammarkor.se\/index.php?rest_route=%2Fwp%2Fv2%2Fcategories&post=935"},{"taxonomy":"post_tag","embeddable":true,"href":"https:\/\/jonkopingskammarkor.se\/index.php?rest_route=%2Fwp%2Fv2%2Ftags&post=935"}],"curies":[{"name":"wp","href":"https:\/\/api.w.org\/{rel}","templated":true}]}}