{"id":787,"date":"2022-08-15T19:56:17","date_gmt":"2022-08-15T19:56:17","guid":{"rendered":"https:\/\/jonkopingskammarkor.se\/?p=787"},"modified":"2022-08-15T19:57:41","modified_gmt":"2022-08-15T19:57:41","slug":"laderlappen","status":"publish","type":"post","link":"https:\/\/jonkopingskammarkor.se\/?p=787","title":{"rendered":"L\u00e4derlappen"},"content":{"rendered":"<p><img loading=\"lazy\" decoding=\"async\" class=\"alignnone size-full wp-image-788\" src=\"http:\/\/jonkopingskammarkor.se\/wp-content\/uploads\/2022\/08\/FB_IMG_1660585848451.jpg\" alt=\"\" width=\"1080\" height=\"743\" srcset=\"https:\/\/jonkopingskammarkor.se\/wp-content\/uploads\/2022\/08\/FB_IMG_1660585848451.jpg 1080w, https:\/\/jonkopingskammarkor.se\/wp-content\/uploads\/2022\/08\/FB_IMG_1660585848451-300x206.jpg 300w, https:\/\/jonkopingskammarkor.se\/wp-content\/uploads\/2022\/08\/FB_IMG_1660585848451-1024x704.jpg 1024w, https:\/\/jonkopingskammarkor.se\/wp-content\/uploads\/2022\/08\/FB_IMG_1660585848451-768x528.jpg 768w\" sizes=\"auto, (max-width: 1080px) 100vw, 1080px\" \/><\/p>\n<p>J\u00f6nk\u00f6pings Teater<\/p>\n<p>2022-08-27 \/ 19:30 &#8211; 22:30<br \/>\n2022-08-28 \/ 15:00 &#8211; 18:00<br \/>\n2022-08-31 \/ 19:30 &#8211; 22:30<\/p>\n<p>L\u00e4derlappen- operetternas operett av valskungen Johann Strauss p\u00e5 J\u00f6nk\u00f6pings teater! Iscensatt av J\u00f6nk\u00f6pings egna operas\u00e4llskap \u201dMinopera\u201d i ett samarbete med J\u00f6nk\u00f6pings kammark\u00f6r och J\u00f6nk\u00f6pings orkesterf\u00f6rening.<\/p>\n<p>F\u00f6r regin st\u00e5r \u00c5sa Elmgren, operas\u00e5ngerska fr\u00e5n Sm\u00e5land, som b\u00e5de regisserat och sjungit L\u00e4derlappen m\u00e5nga g\u00e5nger, bland annat p\u00e5 Wiener Staatsoper. I rollerna bland annat: P\u00e4r Nils\u00e9n, Annika Liljenroth, Ove Gotting, Wolfgang Veith, Anders Nilsson, Bj\u00f6rn Elmgren, Julia Ojansivu mm.<br \/>\nVar med n\u00e4r Gabriel von Eisenstein (Wolfgang Veith) dras in i ett underbart spektakel som hans v\u00e4n, Doktor Falke (P\u00e4r Nils\u00e9n), anordnar f\u00f6r att f\u00e5 sin h\u00e4mnd- \u201dL\u00e4derlappens h\u00e4mnd\u201d. En h\u00e4mnd som inneh\u00e5ller b\u00e5de intriger, f\u00f6rv\u00e4xlingar och romantik, allt ackompanjerat av ljuv wienermusik. Och nedsk\u00f6ljt med mycket champagne. Taktpinnen kommer att h\u00e5llas av Christian Pollack en erfaren operettspecialist fr\u00e5n Wien.<\/p>\n","protected":false},"excerpt":{"rendered":"<p>J\u00f6nk\u00f6pings Teater 2022-08-27 \/ 19:30 &#8211; 22:30 2022-08-28 \/ 15:00 &#8211; 18:00 2022-08-31 \/ 19:30 &#8211; 22:30 L\u00e4derlappen- operetternas operett av valskungen Johann Strauss p\u00e5 J\u00f6nk\u00f6pings teater! Iscensatt av J\u00f6nk\u00f6pings egna operas\u00e4llskap \u201dMinopera\u201d i ett samarbete med J\u00f6nk\u00f6pings kammark\u00f6r och J\u00f6nk\u00f6pings orkesterf\u00f6rening. F\u00f6r regin st\u00e5r \u00c5sa Elmgren, operas\u00e5ngerska fr\u00e5n Sm\u00e5land, som b\u00e5de regisserat och sjungit [&hellip;]<\/p>\n","protected":false},"author":1,"featured_media":0,"comment_status":"closed","ping_status":"open","sticky":false,"template":"","format":"standard","meta":{"footnotes":""},"categories":[1],"tags":[],"class_list":["post-787","post","type-post","status-publish","format-standard","hentry","category-uncategorized"],"_links":{"self":[{"href":"https:\/\/jonkopingskammarkor.se\/index.php?rest_route=\/wp\/v2\/posts\/787","targetHints":{"allow":["GET"]}}],"collection":[{"href":"https:\/\/jonkopingskammarkor.se\/index.php?rest_route=\/wp\/v2\/posts"}],"about":[{"href":"https:\/\/jonkopingskammarkor.se\/index.php?rest_route=\/wp\/v2\/types\/post"}],"author":[{"embeddable":true,"href":"https:\/\/jonkopingskammarkor.se\/index.php?rest_route=\/wp\/v2\/users\/1"}],"replies":[{"embeddable":true,"href":"https:\/\/jonkopingskammarkor.se\/index.php?rest_route=%2Fwp%2Fv2%2Fcomments&post=787"}],"version-history":[{"count":0,"href":"https:\/\/jonkopingskammarkor.se\/index.php?rest_route=\/wp\/v2\/posts\/787\/revisions"}],"wp:attachment":[{"href":"https:\/\/jonkopingskammarkor.se\/index.php?rest_route=%2Fwp%2Fv2%2Fmedia&parent=787"}],"wp:term":[{"taxonomy":"category","embeddable":true,"href":"https:\/\/jonkopingskammarkor.se\/index.php?rest_route=%2Fwp%2Fv2%2Fcategories&post=787"},{"taxonomy":"post_tag","embeddable":true,"href":"https:\/\/jonkopingskammarkor.se\/index.php?rest_route=%2Fwp%2Fv2%2Ftags&post=787"}],"curies":[{"name":"wp","href":"https:\/\/api.w.org\/{rel}","templated":true}]}}