{"id":703,"date":"2021-09-27T20:46:51","date_gmt":"2021-09-27T20:46:51","guid":{"rendered":"http:\/\/jonkopingskammarkor.se\/?p=703"},"modified":"2021-09-28T20:36:19","modified_gmt":"2021-09-28T20:36:19","slug":"korens-nya-musikaliska-ledare","status":"publish","type":"post","link":"http:\/\/jonkopingskammarkor.se\/?p=703","title":{"rendered":"K\u00f6rens nya musikaliska ledare."},"content":{"rendered":"<p><img loading=\"lazy\" decoding=\"async\" class=\"alignnone  wp-image-704\" src=\"http:\/\/jonkopingskammarkor.se\/wp-content\/uploads\/2021\/09\/Annica-300x298.png\" alt=\"\" width=\"450\" height=\"447\" srcset=\"http:\/\/jonkopingskammarkor.se\/wp-content\/uploads\/2021\/09\/Annica-300x298.png 300w, http:\/\/jonkopingskammarkor.se\/wp-content\/uploads\/2021\/09\/Annica-150x150.png 150w, http:\/\/jonkopingskammarkor.se\/wp-content\/uploads\/2021\/09\/Annica.png 617w\" sizes=\"auto, (max-width: 450px) 100vw, 450px\" \/><\/p>\n<p>Precis som hela k\u00f6rsverige, gl\u00e4ds J\u00f6nk\u00f6pings Kammark\u00f6r nu \u00f6ver att f\u00e5 b\u00f6rja sjunga och musicera tillsammans igen!<\/p>\n<p>J\u00f6nk\u00f6pings Kammark\u00f6r \u00e4r ocks\u00e5 v\u00e4ldigt glada \u00f6ver att f\u00e5 h\u00e4lsa Annica Sj\u00f6strand v\u00e4lkommen som i samband med h\u00f6ststarten \u00e4r k\u00f6rens nya musikaliska ledare!<\/p>\n<p>Ove Gotting som p\u00e5 fantastiskt s\u00e4tt lett k\u00f6ren hela 32 \u00e5r, kommer dock vara k\u00f6rens dirigent vid en av h\u00f6stens produktioner och kommer i s\u00e4rskild ordning uppm\u00e4rksammas senare under h\u00f6sten.<\/p>\n<p>Annica Sj\u00f6strand \u00e4r en v\u00e4lk\u00e4nd musikalisk profil i J\u00f6nk\u00f6ping med omnejd, inte minst som organist och kyrkomusiker i Sofiakyrkan, ett uppdrag hon nu l\u00e4mnar efter 22 \u00e5r. Sin musikaliska utbildning erh\u00f6ll Annica vid Musikh\u00f6gskolan i G\u00f6teborg d\u00e4r hon ut\u00f6ver ordinarie organistutbildning med p\u00e5f\u00f6ljande diplomutbildning ocks\u00e5 var korist i Musikh\u00f6gskolans Kammark\u00f6r samt G\u00f6sta Ohlins vokalensemble.<\/p>\n<p>Kommande konserter och produktioner under h\u00f6sten i J\u00f6nk\u00f6ping \u00e4r bland andra en Wienerkonsert tillsammans med J\u00f6nk\u00f6pings orkesterf\u00f6rening p\u00e5 J\u00f6nk\u00f6pings teater den 5 november samt Spiras f\u00f6delsedagskonsert den 11 november. Att i \u00e5r f\u00e5 bjuda in till Julkonserter i Kristine kyrka den 20-21 december ser sj\u00e4lvklart b\u00e5de Annica och hela k\u00f6ren mycket fram emot!<\/p>\n<p>Annica ser fram emot att arbeta vidare med k\u00f6ren i profan och sakral musik f\u00f6r k\u00f6r a cappella men ocks\u00e5 att vidareutveckla de fina samarbeten kammark\u00f6ren haft med J\u00f6nk\u00f6pings Sinfonietta, J\u00f6nk\u00f6pings orkesterf\u00f6rening och andra musikakt\u00f6rer.<\/p>\n<p>Varmt v\u00e4lkommen Annica och vi ser fram emot h\u00f6stens och kommande musikaliska produktioner och upplevelser!<\/p>\n","protected":false},"excerpt":{"rendered":"<p>Precis som hela k\u00f6rsverige, gl\u00e4ds J\u00f6nk\u00f6pings Kammark\u00f6r nu \u00f6ver att f\u00e5 b\u00f6rja sjunga och musicera tillsammans igen! J\u00f6nk\u00f6pings Kammark\u00f6r \u00e4r ocks\u00e5 v\u00e4ldigt glada \u00f6ver att f\u00e5 h\u00e4lsa Annica Sj\u00f6strand v\u00e4lkommen som i samband med h\u00f6ststarten \u00e4r k\u00f6rens nya musikaliska ledare! Ove Gotting som p\u00e5 fantastiskt s\u00e4tt lett k\u00f6ren hela 32 \u00e5r, kommer dock vara k\u00f6rens [&hellip;]<\/p>\n","protected":false},"author":1,"featured_media":0,"comment_status":"closed","ping_status":"open","sticky":false,"template":"","format":"standard","meta":{"footnotes":""},"categories":[1],"tags":[],"class_list":["post-703","post","type-post","status-publish","format-standard","hentry","category-uncategorized"],"_links":{"self":[{"href":"http:\/\/jonkopingskammarkor.se\/index.php?rest_route=\/wp\/v2\/posts\/703","targetHints":{"allow":["GET"]}}],"collection":[{"href":"http:\/\/jonkopingskammarkor.se\/index.php?rest_route=\/wp\/v2\/posts"}],"about":[{"href":"http:\/\/jonkopingskammarkor.se\/index.php?rest_route=\/wp\/v2\/types\/post"}],"author":[{"embeddable":true,"href":"http:\/\/jonkopingskammarkor.se\/index.php?rest_route=\/wp\/v2\/users\/1"}],"replies":[{"embeddable":true,"href":"http:\/\/jonkopingskammarkor.se\/index.php?rest_route=%2Fwp%2Fv2%2Fcomments&post=703"}],"version-history":[{"count":0,"href":"http:\/\/jonkopingskammarkor.se\/index.php?rest_route=\/wp\/v2\/posts\/703\/revisions"}],"wp:attachment":[{"href":"http:\/\/jonkopingskammarkor.se\/index.php?rest_route=%2Fwp%2Fv2%2Fmedia&parent=703"}],"wp:term":[{"taxonomy":"category","embeddable":true,"href":"http:\/\/jonkopingskammarkor.se\/index.php?rest_route=%2Fwp%2Fv2%2Fcategories&post=703"},{"taxonomy":"post_tag","embeddable":true,"href":"http:\/\/jonkopingskammarkor.se\/index.php?rest_route=%2Fwp%2Fv2%2Ftags&post=703"}],"curies":[{"name":"wp","href":"https:\/\/api.w.org\/{rel}","templated":true}]}}