{"id":1009,"date":"2025-01-19T10:05:45","date_gmt":"2025-01-19T10:05:45","guid":{"rendered":"https:\/\/jonkopingskammarkor.se\/?p=1009"},"modified":"2025-01-20T15:44:19","modified_gmt":"2025-01-20T15:44:19","slug":"korkonsert-i-jazzton","status":"publish","type":"post","link":"http:\/\/jonkopingskammarkor.se\/?p=1009","title":{"rendered":"K\u00f6rkonsert i jazzton"},"content":{"rendered":"<p><img loading=\"lazy\" decoding=\"async\" class=\"alignnone size-full wp-image-1010\" src=\"http:\/\/jonkopingskammarkor.se\/wp-content\/uploads\/2025\/01\/IMG_0573.jpg\" alt=\"\" width=\"2048\" height=\"1152\" srcset=\"http:\/\/jonkopingskammarkor.se\/wp-content\/uploads\/2025\/01\/IMG_0573.jpg 2048w, http:\/\/jonkopingskammarkor.se\/wp-content\/uploads\/2025\/01\/IMG_0573-300x169.jpg 300w, http:\/\/jonkopingskammarkor.se\/wp-content\/uploads\/2025\/01\/IMG_0573-1024x576.jpg 1024w, http:\/\/jonkopingskammarkor.se\/wp-content\/uploads\/2025\/01\/IMG_0573-768x432.jpg 768w, http:\/\/jonkopingskammarkor.se\/wp-content\/uploads\/2025\/01\/IMG_0573-1536x864.jpg 1536w\" sizes=\"auto, (max-width: 2048px) 100vw, 2048px\" \/><\/p>\n<p>K\u00f6rkonsert med s\u00e5nger i jazzton. Musik av Michael Strand till texter av Dom Helder Camara.<\/p>\n<p><strong>Medverkande<\/strong><br \/>\nJ\u00f6nk\u00f6pings Kammark\u00f6r<br \/>\nMichael Strand, piano<br \/>\nBo Hellgren, bas<br \/>\nAnn Esborn, s\u00e5ngsolist<br \/>\nAnnica Sj\u00f6strand, dirigent<\/p>\n<p><span class=\"il\">L\u00f6rdag 22 februari &#8211; Byarums<\/span>\u00a0Kyrka 18:00<br \/>\nS\u00f6ndag 23 februari &#8211; Immanuelskyrkan kl. 18.00<\/p>\n<p>Entr\u00e9 180 kr, stud 100 kr<br \/>\n<a href=\"https:\/\/nortic.se\/ticket\/event\/64875\">https:\/\/nortic.se\/ticket\/event\/64875<\/a><\/p>\n","protected":false},"excerpt":{"rendered":"<p>K\u00f6rkonsert med s\u00e5nger i jazzton. Musik av Michael Strand till texter av Dom Helder Camara. Medverkande J\u00f6nk\u00f6pings Kammark\u00f6r Michael Strand, piano Bo Hellgren, bas Ann Esborn, s\u00e5ngsolist Annica Sj\u00f6strand, dirigent L\u00f6rdag 22 februari &#8211; Byarums\u00a0Kyrka 18:00 S\u00f6ndag 23 februari &#8211; Immanuelskyrkan kl. 18.00 Entr\u00e9 180 kr, stud 100 kr https:\/\/nortic.se\/ticket\/event\/64875<\/p>\n","protected":false},"author":1,"featured_media":0,"comment_status":"closed","ping_status":"open","sticky":false,"template":"","format":"standard","meta":{"footnotes":""},"categories":[1],"tags":[],"class_list":["post-1009","post","type-post","status-publish","format-standard","hentry","category-uncategorized"],"_links":{"self":[{"href":"http:\/\/jonkopingskammarkor.se\/index.php?rest_route=\/wp\/v2\/posts\/1009","targetHints":{"allow":["GET"]}}],"collection":[{"href":"http:\/\/jonkopingskammarkor.se\/index.php?rest_route=\/wp\/v2\/posts"}],"about":[{"href":"http:\/\/jonkopingskammarkor.se\/index.php?rest_route=\/wp\/v2\/types\/post"}],"author":[{"embeddable":true,"href":"http:\/\/jonkopingskammarkor.se\/index.php?rest_route=\/wp\/v2\/users\/1"}],"replies":[{"embeddable":true,"href":"http:\/\/jonkopingskammarkor.se\/index.php?rest_route=%2Fwp%2Fv2%2Fcomments&post=1009"}],"version-history":[{"count":4,"href":"http:\/\/jonkopingskammarkor.se\/index.php?rest_route=\/wp\/v2\/posts\/1009\/revisions"}],"predecessor-version":[{"id":1017,"href":"http:\/\/jonkopingskammarkor.se\/index.php?rest_route=\/wp\/v2\/posts\/1009\/revisions\/1017"}],"wp:attachment":[{"href":"http:\/\/jonkopingskammarkor.se\/index.php?rest_route=%2Fwp%2Fv2%2Fmedia&parent=1009"}],"wp:term":[{"taxonomy":"category","embeddable":true,"href":"http:\/\/jonkopingskammarkor.se\/index.php?rest_route=%2Fwp%2Fv2%2Fcategories&post=1009"},{"taxonomy":"post_tag","embeddable":true,"href":"http:\/\/jonkopingskammarkor.se\/index.php?rest_route=%2Fwp%2Fv2%2Ftags&post=1009"}],"curies":[{"name":"wp","href":"https:\/\/api.w.org\/{rel}","templated":true}]}}